{"id":690,"date":"2024-11-08T08:02:28","date_gmt":"2024-11-08T07:02:28","guid":{"rendered":"http:\/\/kritik-und-argumente.de\/?p=690"},"modified":"2025-01-09T22:11:30","modified_gmt":"2025-01-09T21:11:30","slug":"vortragdiskussion-8","status":"publish","type":"post","link":"http:\/\/kritik-und-argumente.de\/?p=690","title":{"rendered":"[vortrag&amp;diskussion]"},"content":{"rendered":"\n<h2 class=\"wp-block-heading\"><strong>Mietpreisexplosion und Wohnungsnot:<br><\/strong>Die Wohnungsfrage im Kapitalismus<\/h2>\n\n\n\n<p><strong>Datum: <\/strong>Dienstag, <strong>10. Dezember 2024<\/strong>, 19 Uhr\u00a0<br><strong>Ort:<\/strong> Bochum, Ruhr-Universit\u00e4t \u2013 AStA-KulturCaf\u00e9, Universit\u00e4tsstr. 150<br><strong>Gastreferent:<\/strong> Usama Taraben (GegenStandpunkt-Verlag)<br>Veranstalter: Gruppe kritik&amp;argumente<\/p>\n\n\n\n<p>Es herrscht akute Wohnungsnot \u2013 so wie eigentlich immer schon und in jedem gediegenen kapitalistischen Gemeinwesen. Es herrscht dabei kein Mangel \u2013 auch dies wie immer \u2013 an gegens\u00e4tzlichen Diagnosen und wohlmeinenden Vorschl\u00e4gen f\u00fcr Abhilfe: Zuviel Marktfreiheit beklagen die einen, zu viel staatliche Einschr\u00e4nkungen die anderen. Entsprechend sehen die genialen Vorschl\u00e4ge aus: Spekulationsverbot, Preisdeckel, Enteignung, staatliche F\u00f6rderprogramme fordern die einen, noch mehr Freiheit f\u00fcrs Gesch\u00e4ft die anderen.<\/p>\n\n\n\n<p>Ein wenig unter den Tisch f\u00e4llt bei dieser engagiert gef\u00fchrten Dauerdebatte erstens, dass der Staat, an den diese Debatte gerichtet ist, schon l\u00e4ngst eine Wohnungspolitik betreibt, die alles, was die verschiedenen Seiten fordern, bereits auf die eine oder andere Weise beinhaltet \u2013 die Wohnungsnot damit aber \u00fcberhaupt nie verschwindet.<\/p>\n\n\n\n<p>Zweitens f\u00e4llt niemandem auf, dass sowohl die Forderungen an den Staat als auch dessen tats\u00e4chliche Politik wenig erfreuliche Mitteilungen \u00fcber das System der \u00d6konomie enthalten, zu der Wohnungsmarkt, Wohnungsnot und Wohnungspolitik geh\u00f6ren: Sie alle gehen von einem dauerhaften Gegensatz zwischen dem Wohnbed\u00fcrfnis der Massen und den Grundeigent\u00fcmern aus, den sie ausweislich ihrer L\u00f6sungsvorschl\u00e4ge zugleich wie eine \u00fcberhaupt nicht notwendige Entgleisung der Wirtschaftsweise behandeln, an der sie nicht r\u00fctteln wollen. <br><br>Unsere Veranstaltung richtet sich an alle, die \u2013 mindestens f\u00fcr ihren Kiez \u2013unersch\u00fctterlich daran glauben, dass es einen Kapitalismus ohne Wohnungsnot geben kann, und an alle, die ansonsten an einer Kritik der politischen \u00d6konomie des Grundeigentums interessiert sind.<\/p>\n","protected":false},"excerpt":{"rendered":"<p>Mietpreisexplosion und Wohnungsnot:Die Wohnungsfrage im Kapitalismus Datum: Dienstag, 10. Dezember 2024, 19 Uhr\u00a0Ort: Bochum, Ruhr-Universit\u00e4t \u2013 AStA-KulturCaf\u00e9, Universit\u00e4tsstr. 150Gastreferent: Usama Taraben (GegenStandpunkt-Verlag)Veranstalter: Gruppe kritik&amp;argumente Es herrscht akute Wohnungsnot \u2013 so wie eigentlich immer schon und in jedem gediegenen kapitalistischen Gemeinwesen. Es herrscht dabei kein Mangel \u2013 auch dies wie immer \u2013 an gegens\u00e4tzlichen Diagnosen und [&hellip;]<\/p>\n","protected":false},"author":1,"featured_media":0,"comment_status":"closed","ping_status":"open","sticky":false,"template":"","format":"standard","meta":{"footnotes":""},"categories":[9,3],"tags":[],"class_list":["post-690","post","type-post","status-publish","format-standard","hentry","category-archiv","category-veranstaltungen"],"_links":{"self":[{"href":"http:\/\/kritik-und-argumente.de\/index.php?rest_route=\/wp\/v2\/posts\/690","targetHints":{"allow":["GET"]}}],"collection":[{"href":"http:\/\/kritik-und-argumente.de\/index.php?rest_route=\/wp\/v2\/posts"}],"about":[{"href":"http:\/\/kritik-und-argumente.de\/index.php?rest_route=\/wp\/v2\/types\/post"}],"author":[{"embeddable":true,"href":"http:\/\/kritik-und-argumente.de\/index.php?rest_route=\/wp\/v2\/users\/1"}],"replies":[{"embeddable":true,"href":"http:\/\/kritik-und-argumente.de\/index.php?rest_route=%2Fwp%2Fv2%2Fcomments&post=690"}],"version-history":[{"count":7,"href":"http:\/\/kritik-und-argumente.de\/index.php?rest_route=\/wp\/v2\/posts\/690\/revisions"}],"predecessor-version":[{"id":702,"href":"http:\/\/kritik-und-argumente.de\/index.php?rest_route=\/wp\/v2\/posts\/690\/revisions\/702"}],"wp:attachment":[{"href":"http:\/\/kritik-und-argumente.de\/index.php?rest_route=%2Fwp%2Fv2%2Fmedia&parent=690"}],"wp:term":[{"taxonomy":"category","embeddable":true,"href":"http:\/\/kritik-und-argumente.de\/index.php?rest_route=%2Fwp%2Fv2%2Fcategories&post=690"},{"taxonomy":"post_tag","embeddable":true,"href":"http:\/\/kritik-und-argumente.de\/index.php?rest_route=%2Fwp%2Fv2%2Ftags&post=690"}],"curies":[{"name":"wp","href":"https:\/\/api.w.org\/{rel}","templated":true}]}}