{"id":686,"date":"2024-10-24T12:44:26","date_gmt":"2024-10-24T11:44:26","guid":{"rendered":"http:\/\/kritik-und-argumente.de\/?p=686"},"modified":"2024-11-08T07:57:44","modified_gmt":"2024-11-08T06:57:44","slug":"oeffentliche-diskussion-6","status":"publish","type":"post","link":"http:\/\/kritik-und-argumente.de\/?p=686","title":{"rendered":"[\u00f6ffentliche Diskussion]"},"content":{"rendered":"\n<h1 class=\"wp-block-heading\"><strong>Demokratie at its best \u2013 der US-Wahlkampf: <\/strong><br><strong>Lehren \u00fcber das m\u00e4chtigste Amt der Welt, seine bestens geeigneten Kandidaten und die \u201eamerikanische Seele\u201c, die sie spalten<\/strong>.<\/h1>\n\n\n\n<p><strong>Datum: <\/strong>Donnerstag, <strong>31. Oktober<\/strong> 2024, 19.00 Uhr<br><strong>Ort:\u00a0 <\/strong>Bahnhof Langendreer Wallbaumweg 108, 44894 Bochum,\u00a0 Raum 6<br>Veranstalter: kritik&amp;argumente<\/p>\n\n\n\n<p>Die deutsche \u00d6ffentlichkeit ist recht einhellig der Meinung, dass Trump die Wahl nicht gewinnen darf. Der firmiert unter anderem als Menschenfeind, der neben der transatlantischen Freundschaft die Demokratie \u00fcberhaupt bedroht. Zugleich traut man der amerikanischen Demokratie vieles zu; eine Garantie f\u00fcr einwandfreie F\u00fchrer scheint sie nicht herzugeben, wenn Trump mit seiner Art die H\u00e4lfte der Amerikaner zu \u00fcberzeugen wei\u00df.<br><br>Bei der Beurteilung des Wahlkampfs kommen Gesichtspunkte zum Tragen, die zugleich die Sorge wecken, die Pr\u00e4sidentenfrage k\u00f6nne sich ohne die Pr\u00e4sentation von \u201eSachthemen\u201c kl\u00e4ren. Die deutsche \u00d6ffentlichkeit erhebt den Vorwurf, derartige \u201eUnsachlichkeit\u201c passe nicht zur gesitteten Bestellung des Herrschaftspersonals; dass die Demokratie sich eigentlich um H\u00f6heres drehe als das Alter und das Auftreten der Kandidaten.<br><br>Dabei stehen die politischen Themen, das Alter der Kandidaten und die \u201eFigur\u201c, die sie abgeben, f\u00fcr dasselbe und einzige Wahlargument: die pers\u00f6nliche Amtseignung des Kandidaten, die er mit der glaubw\u00fcrdigen Verk\u00f6rperung seiner r\u00fccksichtslosen Durchsetzungsf\u00e4higkeit unter Beweis stellt \u2013 nur solch ein Charakter eignet sich offenbar, die Weltmacht zu f\u00fchren.<br><br>Wenn die Kandidaten sich in ihrer Konkurrenz um den F\u00fchrungsposten der Weltmacht wechselseitig vorwerfen, die Seele Amerikas zu spalten, dann k\u00f6nnen sie sich dabei auf die untert\u00e4nige Konkurrenzmoral des amerikanischen Volkes verlassen.<\/p>\n","protected":false},"excerpt":{"rendered":"<p>Demokratie at its best \u2013 der US-Wahlkampf: Lehren \u00fcber das m\u00e4chtigste Amt der Welt, seine bestens geeigneten Kandidaten und die \u201eamerikanische Seele\u201c, die sie spalten. Datum: Donnerstag, 31. Oktober 2024, 19.00 UhrOrt:\u00a0 Bahnhof Langendreer Wallbaumweg 108, 44894 Bochum,\u00a0 Raum 6Veranstalter: kritik&amp;argumente Die deutsche \u00d6ffentlichkeit ist recht einhellig der Meinung, dass Trump die Wahl nicht gewinnen [&hellip;]<\/p>\n","protected":false},"author":1,"featured_media":0,"comment_status":"closed","ping_status":"open","sticky":false,"template":"","format":"standard","meta":{"footnotes":""},"categories":[9,3],"tags":[],"class_list":["post-686","post","type-post","status-publish","format-standard","hentry","category-archiv","category-veranstaltungen"],"_links":{"self":[{"href":"http:\/\/kritik-und-argumente.de\/index.php?rest_route=\/wp\/v2\/posts\/686","targetHints":{"allow":["GET"]}}],"collection":[{"href":"http:\/\/kritik-und-argumente.de\/index.php?rest_route=\/wp\/v2\/posts"}],"about":[{"href":"http:\/\/kritik-und-argumente.de\/index.php?rest_route=\/wp\/v2\/types\/post"}],"author":[{"embeddable":true,"href":"http:\/\/kritik-und-argumente.de\/index.php?rest_route=\/wp\/v2\/users\/1"}],"replies":[{"embeddable":true,"href":"http:\/\/kritik-und-argumente.de\/index.php?rest_route=%2Fwp%2Fv2%2Fcomments&post=686"}],"version-history":[{"count":1,"href":"http:\/\/kritik-und-argumente.de\/index.php?rest_route=\/wp\/v2\/posts\/686\/revisions"}],"predecessor-version":[{"id":687,"href":"http:\/\/kritik-und-argumente.de\/index.php?rest_route=\/wp\/v2\/posts\/686\/revisions\/687"}],"wp:attachment":[{"href":"http:\/\/kritik-und-argumente.de\/index.php?rest_route=%2Fwp%2Fv2%2Fmedia&parent=686"}],"wp:term":[{"taxonomy":"category","embeddable":true,"href":"http:\/\/kritik-und-argumente.de\/index.php?rest_route=%2Fwp%2Fv2%2Fcategories&post=686"},{"taxonomy":"post_tag","embeddable":true,"href":"http:\/\/kritik-und-argumente.de\/index.php?rest_route=%2Fwp%2Fv2%2Ftags&post=686"}],"curies":[{"name":"wp","href":"https:\/\/api.w.org\/{rel}","templated":true}]}}