{"id":680,"date":"2024-09-17T16:32:04","date_gmt":"2024-09-17T15:32:04","guid":{"rendered":"http:\/\/kritik-und-argumente.de\/?p=680"},"modified":"2024-10-24T12:42:07","modified_gmt":"2024-10-24T11:42:07","slug":"oeffentliche-diskussion-5","status":"publish","type":"post","link":"http:\/\/kritik-und-argumente.de\/?p=680","title":{"rendered":"[\u00f6ffentliche diskussion]"},"content":{"rendered":"\n<h1 class=\"wp-block-heading\">NATO heute &#8211; Das Kriegsb\u00fcndnis der Imperialisten befindet, dass es notwendiger und lebendiger ist als je zuvor.<\/h1>\n\n\n\n<p><strong>Datum: <\/strong>Donnerstag, <strong>26. September<\/strong> 2024, 19.00 Uhr<br><strong>Ort:\u00a0 <\/strong>Bahnhof Langendreer Wallbaumweg 108, 44894 Bochum,\u00a0 Raum 6<br>Veranstalter: kritik&amp;argumente<\/p>\n\n\n\n<p>Obwohl gar nicht unmittelbar im Krieg gegen Russland, bezieht die NATO den Krieg in der Ukraine als \u201e<em>gr\u00f6\u00dfte Sicherheitskrise seit Generationen\u201c <\/em>auf sich. Der gewaltsam geltend gemachte Einspruch Russlands gegen die NATO-Ostausdehnung hat dem B\u00fcndnis wieder die einende Feindschaft zur\u00fcckgegeben, die ihm mit dem Abdanken seines Systemrivalen abhandengekommen war. Und seit zweieinhalb Jahren entfaltet der Stellvertreterkrieg in der Ukraine seine Produktivkraft f\u00fcr die Machtpotenzen des B\u00fcndnisses, l\u00e4sst sein Aufmarschgebiet auf 32 Staaten anwachsen und heizt die Aufr\u00fcstungsanstrengungen der Mitglieder an, deren finanzielle H\u00f6he nun endlich mehrheitlich den B\u00fcndnisanforderungen entspricht.<\/p>\n\n\n\n<p><a><\/a>Dar\u00fcber, wie die NATO ihre Rolle als Verteidigerin \u201eder westlichen Wertegemeinschaft\u201c neu definiert und welche Lage damit von ihr hergestellt wird, wollen wir mit euch diskutieren.<\/p>\n","protected":false},"excerpt":{"rendered":"<p>NATO heute &#8211; Das Kriegsb\u00fcndnis der Imperialisten befindet, dass es notwendiger und lebendiger ist als je zuvor. Datum: Donnerstag, 26. September 2024, 19.00 UhrOrt:\u00a0 Bahnhof Langendreer Wallbaumweg 108, 44894 Bochum,\u00a0 Raum 6Veranstalter: kritik&amp;argumente Obwohl gar nicht unmittelbar im Krieg gegen Russland, bezieht die NATO den Krieg in der Ukraine als \u201egr\u00f6\u00dfte Sicherheitskrise seit Generationen\u201c auf [&hellip;]<\/p>\n","protected":false},"author":1,"featured_media":0,"comment_status":"closed","ping_status":"open","sticky":false,"template":"","format":"standard","meta":{"footnotes":""},"categories":[9,3],"tags":[],"class_list":["post-680","post","type-post","status-publish","format-standard","hentry","category-archiv","category-veranstaltungen"],"_links":{"self":[{"href":"http:\/\/kritik-und-argumente.de\/index.php?rest_route=\/wp\/v2\/posts\/680","targetHints":{"allow":["GET"]}}],"collection":[{"href":"http:\/\/kritik-und-argumente.de\/index.php?rest_route=\/wp\/v2\/posts"}],"about":[{"href":"http:\/\/kritik-und-argumente.de\/index.php?rest_route=\/wp\/v2\/types\/post"}],"author":[{"embeddable":true,"href":"http:\/\/kritik-und-argumente.de\/index.php?rest_route=\/wp\/v2\/users\/1"}],"replies":[{"embeddable":true,"href":"http:\/\/kritik-und-argumente.de\/index.php?rest_route=%2Fwp%2Fv2%2Fcomments&post=680"}],"version-history":[{"count":1,"href":"http:\/\/kritik-und-argumente.de\/index.php?rest_route=\/wp\/v2\/posts\/680\/revisions"}],"predecessor-version":[{"id":681,"href":"http:\/\/kritik-und-argumente.de\/index.php?rest_route=\/wp\/v2\/posts\/680\/revisions\/681"}],"wp:attachment":[{"href":"http:\/\/kritik-und-argumente.de\/index.php?rest_route=%2Fwp%2Fv2%2Fmedia&parent=680"}],"wp:term":[{"taxonomy":"category","embeddable":true,"href":"http:\/\/kritik-und-argumente.de\/index.php?rest_route=%2Fwp%2Fv2%2Fcategories&post=680"},{"taxonomy":"post_tag","embeddable":true,"href":"http:\/\/kritik-und-argumente.de\/index.php?rest_route=%2Fwp%2Fv2%2Ftags&post=680"}],"curies":[{"name":"wp","href":"https:\/\/api.w.org\/{rel}","templated":true}]}}