{"id":676,"date":"2024-08-21T11:08:00","date_gmt":"2024-08-21T10:08:00","guid":{"rendered":"http:\/\/kritik-und-argumente.de\/?p=676"},"modified":"2024-09-17T16:28:54","modified_gmt":"2024-09-17T15:28:54","slug":"oeffentliche-diskussion-4","status":"publish","type":"post","link":"http:\/\/kritik-und-argumente.de\/?p=676","title":{"rendered":"[\u00f6ffentliche Diskussion]"},"content":{"rendered":"\n<h1 class=\"wp-block-heading\">Der freie Westen veranstaltet eine \u201eHochrangige Konferenz zum Frieden in der Ukraine\u201c und alle sollen kommen, au\u00dfer Russland.<\/h1>\n\n\n\n<p><strong>Datum: <\/strong>Donnerstag, <strong>29. August<\/strong> 2024, 19.00 Uhr<br><strong>Ort:\u00a0 <\/strong>Bahnhof Langendreer Wallbaumweg 108, 44894 Bochum,\u00a0 Raum 6<br>Veranstalter: kritik&amp;argumente<\/p>\n\n\n\n<p>Merkw\u00fcrdig, finden Friedensverhandlungen normalerweise nicht zwischen den kriegf\u00fchren Parteien \u00fcber eine Nachkriegsordnung statt? Warum wird Russland nicht zum Friedensgipfel geladen? Und warum legen die Veranstalter sehr viel Wert darauf, dass alle anderen Staaten an der Konferenz teilnehmen?<\/p>\n\n\n\n<p><\/p>\n","protected":false},"excerpt":{"rendered":"<p>Der freie Westen veranstaltet eine \u201eHochrangige Konferenz zum Frieden in der Ukraine\u201c und alle sollen kommen, au\u00dfer Russland. Datum: Donnerstag, 29. August 2024, 19.00 UhrOrt:\u00a0 Bahnhof Langendreer Wallbaumweg 108, 44894 Bochum,\u00a0 Raum 6Veranstalter: kritik&amp;argumente Merkw\u00fcrdig, finden Friedensverhandlungen normalerweise nicht zwischen den kriegf\u00fchren Parteien \u00fcber eine Nachkriegsordnung statt? Warum wird Russland nicht zum Friedensgipfel geladen? Und [&hellip;]<\/p>\n","protected":false},"author":1,"featured_media":0,"comment_status":"closed","ping_status":"open","sticky":false,"template":"","format":"standard","meta":{"footnotes":""},"categories":[9,3],"tags":[],"class_list":["post-676","post","type-post","status-publish","format-standard","hentry","category-archiv","category-veranstaltungen"],"_links":{"self":[{"href":"http:\/\/kritik-und-argumente.de\/index.php?rest_route=\/wp\/v2\/posts\/676","targetHints":{"allow":["GET"]}}],"collection":[{"href":"http:\/\/kritik-und-argumente.de\/index.php?rest_route=\/wp\/v2\/posts"}],"about":[{"href":"http:\/\/kritik-und-argumente.de\/index.php?rest_route=\/wp\/v2\/types\/post"}],"author":[{"embeddable":true,"href":"http:\/\/kritik-und-argumente.de\/index.php?rest_route=\/wp\/v2\/users\/1"}],"replies":[{"embeddable":true,"href":"http:\/\/kritik-und-argumente.de\/index.php?rest_route=%2Fwp%2Fv2%2Fcomments&post=676"}],"version-history":[{"count":1,"href":"http:\/\/kritik-und-argumente.de\/index.php?rest_route=\/wp\/v2\/posts\/676\/revisions"}],"predecessor-version":[{"id":677,"href":"http:\/\/kritik-und-argumente.de\/index.php?rest_route=\/wp\/v2\/posts\/676\/revisions\/677"}],"wp:attachment":[{"href":"http:\/\/kritik-und-argumente.de\/index.php?rest_route=%2Fwp%2Fv2%2Fmedia&parent=676"}],"wp:term":[{"taxonomy":"category","embeddable":true,"href":"http:\/\/kritik-und-argumente.de\/index.php?rest_route=%2Fwp%2Fv2%2Fcategories&post=676"},{"taxonomy":"post_tag","embeddable":true,"href":"http:\/\/kritik-und-argumente.de\/index.php?rest_route=%2Fwp%2Fv2%2Ftags&post=676"}],"curies":[{"name":"wp","href":"https:\/\/api.w.org\/{rel}","templated":true}]}}